{"id":18009,"date":"2021-10-04T17:25:00","date_gmt":"2021-10-04T21:25:00","guid":{"rendered":"http:\/\/wp232190.wpdns.ca\/?p=18009"},"modified":"2023-01-20T14:37:20","modified_gmt":"2023-01-20T18:37:20","slug":"el-peru-de-catherine-de-la-ciudad-a-las-montanas","status":"publish","type":"post","link":"https:\/\/suco.org\/es\/el-peru-de-catherine-de-la-ciudad-a-las-montanas\/","title":{"rendered":"El Per\u00fa de Catherine. De la ciudad a las monta\u00f1as"},"content":{"rendered":"\n<h2 class=\"wp-block-heading\">De la ciudad a las monta\u00f1as<\/h2>\n\n\n\n<p>Catherine Joubert se encontraba en plena selva amaz\u00f3nica, cuando en marzo de 2020 las autoridades peruanas cerraron las fronteras e impusieron un estricto confinamiento. Desde Montreal, todo el equipo de SUCO se moviliz\u00f3 d\u00eda y noche para repatriar a las y los cooperantes. La joven pudo as\u00ed abordar su vuelo de regreso, apesadumbrada al verse obligada a terminar su mandato de cooperaci\u00f3n internacional.<\/p>\n\n\n\n<blockquote class=\"wp-block-quote is-layout-flow wp-block-quote-is-layout-flow\"><p>\u201cNo soy la misma Catherine, nunca somos los mismos&#8230; Regres\u00e9 pero una parte de m\u00ed se qued\u00f3 all\u00ed. Tengo sed de continuar este trabajo en derechos de las mujeres\u201d, afirma con nostalgia..<\/p><\/blockquote>\n\n\n\n<p>La asesora voluntaria en Igualdad de g\u00e9nero de <a href=\"http:\/\/Formagro.org\" target=\"_blank\" rel=\"noreferrer noopener\">FORMAGRO<\/a>, un proyecto liderado por <a href=\"http:\/\/suco.org\/es\/paises-de-intervencion\/peru\/\" target=\"_blank\" rel=\"noreferrer noopener\">SUCO en P\u00e9ru<\/a>, vivi\u00f3 siete intensos meses en Lima. El proyecto mejora las condiciones econ\u00f3micas de productores(as) agr\u00edcolas a trav\u00e9s del acceso a la educaci\u00f3n t\u00e9cnica y el desarrollo empresarial, en asociaci\u00f3n con las ONG peruanas ALLPA e IDMA.<\/p>\n\n\n\n<p>Esta no es la primera experiencia de Catherine en cooperaci\u00f3n internacional. Ella combina sus estudios en ciencias pol\u00edticas, una maestr\u00eda en derecho internacional y derechos humanos de la Universidad para la Paz de las Naciones Unidas y un certificado en cooperaci\u00f3n internacional. Dominaba el espa\u00f1ol antes de irse, pero estaba feliz de mejorar sus habilidades con los cursos ofrecidos por SUCO. Como analista de g\u00e9nero, la joven trabaja en el terreno a fin de establecer un di\u00e1logo acerca de las nociones de paridad, privilegios y opresiones, los roles de hombres y mujeres, y la relaci\u00f3n que estas \u00faltimas desean tener. Ella siente la apertura a una construcci\u00f3n social diferente.<\/p>\n\n\n\n<p>\u201cEn Per\u00fa se utiliza una expresi\u00f3n que me gusta mucho: <em>\u2018para servirle\u2019<\/em>. Es un intercambio intercultural, yo aporto mi experiencia en derechos de las mujeres y aprendo mucho acerca del mundo agr\u00edcola y del desarrollo sostenible. Nuestro acompa\u00f1amiento es adaptado a su realidad. Juntos avanzamos de la mano, dentro de un enfoque colectivo\u201d.\u2009Se realiz\u00f3 un recorrido por las cooperativas de trabajo. El equipo multidisciplinario de FORMAGRO colabora seg\u00fan sus respectivos campos de experticia, desde el mejoramiento de las condiciones de vida de las familias rurales, hasta el desarrollo sostenible y la paridad. Se ha elaborado una gu\u00eda de herramientas a fin de promover la sostenibilidad de las organizaciones.<\/p>\n\n\n\n<section class=\"space-block-preview\">\n<h1 class=\"title-preview\">Block with space<\/h1>\n  <div class=\"space-block__wrapper\">\n    \n\n<figure class=\"wp-block-gallery has-nested-images columns-default is-cropped wp-block-gallery-1 is-layout-flex wp-block-gallery-is-layout-flex\">\n<figure class=\"wp-block-image size-large\"><img loading=\"lazy\" decoding=\"async\" width=\"1024\" height=\"768\" data-id=\"14847\" src=\"http:\/\/suco.org\/wp-content\/uploads\/2021\/10\/IMG_4899-1024x768.jpg\" alt=\"\" class=\"wp-image-14847\" srcset=\"https:\/\/suco.org\/wp-content\/uploads\/2021\/10\/IMG_4899-1024x768.jpg 1024w, https:\/\/suco.org\/wp-content\/uploads\/2021\/10\/IMG_4899-300x225.jpg 300w, https:\/\/suco.org\/wp-content\/uploads\/2021\/10\/IMG_4899-768x576.jpg 768w, https:\/\/suco.org\/wp-content\/uploads\/2021\/10\/IMG_4899-1536x1152.jpg 1536w, https:\/\/suco.org\/wp-content\/uploads\/2021\/10\/IMG_4899.jpg 1920w\" sizes=\"auto, (max-width: 1024px) 100vw, 1024px\" \/><\/figure>\n\n\n\n<figure class=\"wp-block-image size-large\"><img loading=\"lazy\" decoding=\"async\" width=\"1024\" height=\"768\" data-id=\"14849\" src=\"http:\/\/suco.org\/wp-content\/uploads\/2021\/10\/IMG_4902-1024x768.jpg\" alt=\"\" class=\"wp-image-14849\" srcset=\"https:\/\/suco.org\/wp-content\/uploads\/2021\/10\/IMG_4902-1024x768.jpg 1024w, https:\/\/suco.org\/wp-content\/uploads\/2021\/10\/IMG_4902-300x225.jpg 300w, https:\/\/suco.org\/wp-content\/uploads\/2021\/10\/IMG_4902-768x576.jpg 768w, https:\/\/suco.org\/wp-content\/uploads\/2021\/10\/IMG_4902-1536x1152.jpg 1536w, https:\/\/suco.org\/wp-content\/uploads\/2021\/10\/IMG_4902.jpg 1920w\" sizes=\"auto, (max-width: 1024px) 100vw, 1024px\" \/><\/figure>\n\n\n\n<figure class=\"wp-block-image size-large\"><img loading=\"lazy\" decoding=\"async\" width=\"1024\" height=\"768\" data-id=\"14853\" src=\"http:\/\/suco.org\/wp-content\/uploads\/2021\/10\/IMG_8741-1024x768.jpg\" alt=\"\" class=\"wp-image-14853\" srcset=\"https:\/\/suco.org\/wp-content\/uploads\/2021\/10\/IMG_8741-1024x768.jpg 1024w, https:\/\/suco.org\/wp-content\/uploads\/2021\/10\/IMG_8741-300x225.jpg 300w, https:\/\/suco.org\/wp-content\/uploads\/2021\/10\/IMG_8741-768x576.jpg 768w, https:\/\/suco.org\/wp-content\/uploads\/2021\/10\/IMG_8741-1536x1152.jpg 1536w, https:\/\/suco.org\/wp-content\/uploads\/2021\/10\/IMG_8741.jpg 1920w\" sizes=\"auto, (max-width: 1024px) 100vw, 1024px\" \/><\/figure>\n<figcaption class=\"blocks-gallery-caption\">Cr\u00e9ditos de las fotos: Catherine Joubert <\/figcaption><\/figure>\n\n\n  <\/div>\n<\/section>\n\n\n\n<p>Durante su experiencia, Catherine sabore\u00f3 la vibrante vida de Lima, as\u00ed como la calma de las majestuosas monta\u00f1as. \u201cSalir de nuestras oficinas e ir al encuentro con las y los productores nos ha permitido no perder de vista los objetivos de nuestro mandato. Es muy concreto. Descubr\u00ed un pueblo muy unido con gran riqueza. Est\u00e1n orgullosos de su cultura quechua\u201d.<\/p>\n\n\n\n<h2 class=\"wp-block-heading\">Conmemoraci\u00f3n del 8 de marzo, D\u00eda Internacional de los Derechos de la Mujer<\/h2>\n\n\n\n<p>Un recuerdo dej\u00f3 una profunda impresi\u00f3n en ella. \u201cEl 8 de marzo, D\u00eda internacional de los derechos de la mujer, durante dos d\u00edas estuvimos en un hotel aislado en la falda de las monta\u00f1as a fin de hablar con las productoras agricultoras. Felices de volver a encontrarse, compartieron sin tab\u00fa sus historias, a veces desgarradoras, as\u00ed como sus desaf\u00edos. La ayuda mutua estaba presente. Fue hermoso verlo.\u2009La cooperante siente una gran admiraci\u00f3n por estas mujeres que trabajan fuerte y aseguran su futuro, \u00a1como este grupo de productoras de quesos que fabrican un excelente queso a una altitud de 4.500 metros! <\/p>\n\n\n\n<blockquote class=\"wp-block-quote is-layout-flow wp-block-quote-is-layout-flow\"><p><em>\u201cLo que m\u00e1s me enorgullece es verlas avanzar con tanta resiliencia. Su deseo de continuar es poderoso y pone todo en perspectiva. Tienen grandes corazones, por lo que nuestro trabajo es totalmente relevante\u201d.<\/em><\/p><\/blockquote>\n\n\n\n<p>Durante cada una de sus visitas al mercado org\u00e1nico, ella not\u00f3 con asombro el resultado tangible del proyecto FORMAGRO, ya que en los puestos de venta se destaca el conocimiento de las productoras y los productores agr\u00edcolas: \u201cde la granja a la mesa\u201d.<\/p>\n\n\n\n<p>La profesional ya tiene deseos de partir y espera tener la oportunidad de cumplir otros mandatos en colaboraci\u00f3n con SUCO en el marco del Programa de Cooperaci\u00f3n Voluntaria, financiado por Affaires mondiales Canada (AMC).<\/p>\n\n\n\n<p>\u201cMe doy cuenta de que no importa qui\u00e9n seas, de d\u00f3nde vengas, todos quieren dignidad, la base de los derechos humanos. Con esta visi\u00f3n en mente, un intercambio de igual a igual, podremos lograrlo\u201d, concluye Catherine.<\/p>\n\n\n\n<p><em>Este art\u00edculo fue producido gracias al apoyo financiero del Gobierno de Canad\u00e1 a trav\u00e9s de Affaires mondiales Canada.<\/em><\/p>\n\n\n\n<div class=\"wp-block-buttons is-layout-flex wp-block-buttons-is-layout-flex\">\n<div class=\"wp-block-button\"><a class=\"wp-block-button__link\" href=\"http:\/\/suco.org\/es\/pasar-a-la-accion\/actuar-a-nivel-internacional\/\">Actuar a nivel internacional<\/a><\/div>\n<\/div>\n\n\n\n<p><\/p>\n","protected":false},"excerpt":{"rendered":"<p>De la ciudad a las monta\u00f1as Catherine Joubert se encontraba en plena selva amaz\u00f3nica, cuando en marzo de 2020 las autoridades peruanas cerraron las fronteras e impusieron un estricto confinamiento. Desde Montreal, todo el equipo de SUCO se moviliz\u00f3 d\u00eda y noche para repatriar a las y los cooperantes. La joven pudo as\u00ed abordar su &hellip; <a href=\"https:\/\/suco.org\/es\/el-peru-de-catherine-de-la-ciudad-a-las-montanas\/\">Continued<\/a><\/p>\n","protected":false},"author":5,"featured_media":17214,"comment_status":"closed","ping_status":"open","sticky":false,"template":"","format":"standard","meta":{"_acf_changed":false,"_relevanssi_hide_post":"","_relevanssi_hide_content":"","_relevanssi_pin_for_all":"","_relevanssi_pin_keywords":"","_relevanssi_unpin_keywords":"","_relevanssi_related_keywords":"","_relevanssi_related_include_ids":"","_relevanssi_related_exclude_ids":"","_relevanssi_related_no_append":"","_relevanssi_related_not_related":"","_relevanssi_related_posts":"18032,18036,18029","_relevanssi_noindex_reason":"","footnotes":""},"categories":[284,291,299],"tags":[323,325,317,332],"article-type":[],"class_list":["post-18009","post","type-post","status-publish","format-standard","has-post-thumbnail","hentry","category-blog-de-voluntariado","category-mujeres","category-solidaridad-internacional","tag-formagro-es","tag-historia-de-exito","tag-imh","tag-peru"],"acf":[],"_links":{"self":[{"href":"https:\/\/suco.org\/es\/wp-json\/wp\/v2\/posts\/18009","targetHints":{"allow":["GET"]}}],"collection":[{"href":"https:\/\/suco.org\/es\/wp-json\/wp\/v2\/posts"}],"about":[{"href":"https:\/\/suco.org\/es\/wp-json\/wp\/v2\/types\/post"}],"author":[{"embeddable":true,"href":"https:\/\/suco.org\/es\/wp-json\/wp\/v2\/users\/5"}],"replies":[{"embeddable":true,"href":"https:\/\/suco.org\/es\/wp-json\/wp\/v2\/comments?post=18009"}],"version-history":[{"count":4,"href":"https:\/\/suco.org\/es\/wp-json\/wp\/v2\/posts\/18009\/revisions"}],"predecessor-version":[{"id":18617,"href":"https:\/\/suco.org\/es\/wp-json\/wp\/v2\/posts\/18009\/revisions\/18617"}],"wp:featuredmedia":[{"embeddable":true,"href":"https:\/\/suco.org\/es\/wp-json\/wp\/v2\/media\/17214"}],"wp:attachment":[{"href":"https:\/\/suco.org\/es\/wp-json\/wp\/v2\/media?parent=18009"}],"wp:term":[{"taxonomy":"category","embeddable":true,"href":"https:\/\/suco.org\/es\/wp-json\/wp\/v2\/categories?post=18009"},{"taxonomy":"post_tag","embeddable":true,"href":"https:\/\/suco.org\/es\/wp-json\/wp\/v2\/tags?post=18009"},{"taxonomy":"article-type","embeddable":true,"href":"https:\/\/suco.org\/es\/wp-json\/wp\/v2\/article-type?post=18009"}],"curies":[{"name":"wp","href":"https:\/\/api.w.org\/{rel}","templated":true}]}}