{"id":20935,"date":"2024-02-29T18:32:16","date_gmt":"2024-02-29T22:32:16","guid":{"rendered":"http:\/\/wp232190.wpdns.ca\/?p=20935"},"modified":"2024-03-22T14:55:34","modified_gmt":"2024-03-22T18:55:34","slug":"heroina-de-corazon-karin-palacios-la-primera-voz-de-cambio-del-nuevo-podcast-de-suco-peru","status":"publish","type":"post","link":"https:\/\/suco.org\/es\/heroina-de-corazon-karin-palacios-la-primera-voz-de-cambio-del-nuevo-podcast-de-suco-peru\/","title":{"rendered":"Hero\u00edna de coraz\u00f3n: Karin Palacios, la primera voz de cambio del nuevo podcast de SUCO Per\u00fa"},"content":{"rendered":"\n<h5 class=\"wp-block-heading\">Texto: Hayde\u00e9 Maroqu\u00edn, colaboradora transversal de comunicaci\u00f3n. Fotos: Marcial Vargas. <\/h5>\n\n\n\n<p><strong>En el pintoresco distrito de Tambo Grande, Piura, Per\u00fa, emerge la historia inspiradora de Karin Palacios, una mujer de alma generosa, voluntaria y facilitadora comunitaria.<\/strong><\/p>\n\n\n\n<p>Durante m\u00e1s de quince a\u00f1os, Karin ha consagrado su vida a una noble causa: la mejora de su comunidad y el bienestar de quienes la integran.<\/p>\n\n\n\n<p>El proyecto de podcast <em>Voces Protagonistas del Cambio<\/em>, ideado y preparado con entusiasmo por el equipo de SUCO durante meses, finalmente tom\u00f3 forma, destacando a Karin como la primera voz del cambio.&nbsp;<\/p>\n\n\n\n<p>Junto al equipo de Centro IDEAS, Karin fue el foco de atenci\u00f3n en esta traves\u00eda que incluy\u00f3 un vuelo desde Lima, mototaxis y un viaje de hora y media desde Piura ciudad hasta su comunidad.<\/p>\n\n\n\n<div class=\"wp-block-media-text alignfull is-stacked-on-mobile\"><figure class=\"wp-block-media-text__media\"><img loading=\"lazy\" decoding=\"async\" width=\"1024\" height=\"683\" src=\"http:\/\/suco.org\/wp-content\/uploads\/2024\/02\/PERU-2023-PODCAST-VOCES-PROTAGONISTAS-DEL-CAMBIO-IDEAS-CR-MARCIAL-VARGAS-DSC07269-1024x683.jpg\" alt=\"\" class=\"wp-image-20913 size-full\" srcset=\"https:\/\/suco.org\/wp-content\/uploads\/2024\/02\/PERU-2023-PODCAST-VOCES-PROTAGONISTAS-DEL-CAMBIO-IDEAS-CR-MARCIAL-VARGAS-DSC07269-1024x683.jpg 1024w, https:\/\/suco.org\/wp-content\/uploads\/2024\/02\/PERU-2023-PODCAST-VOCES-PROTAGONISTAS-DEL-CAMBIO-IDEAS-CR-MARCIAL-VARGAS-DSC07269-300x200.jpg 300w, https:\/\/suco.org\/wp-content\/uploads\/2024\/02\/PERU-2023-PODCAST-VOCES-PROTAGONISTAS-DEL-CAMBIO-IDEAS-CR-MARCIAL-VARGAS-DSC07269-768x512.jpg 768w, https:\/\/suco.org\/wp-content\/uploads\/2024\/02\/PERU-2023-PODCAST-VOCES-PROTAGONISTAS-DEL-CAMBIO-IDEAS-CR-MARCIAL-VARGAS-DSC07269-1536x1024.jpg 1536w, https:\/\/suco.org\/wp-content\/uploads\/2024\/02\/PERU-2023-PODCAST-VOCES-PROTAGONISTAS-DEL-CAMBIO-IDEAS-CR-MARCIAL-VARGAS-DSC07269.jpg 1920w\" sizes=\"auto, (max-width: 1024px) 100vw, 1024px\" \/><\/figure><div class=\"wp-block-media-text__content\">\n<h3 class=\"wp-block-heading\"><strong>Agricultora y productora local<\/strong><\/h3>\n\n\n\n<p>El primer encuentro con Karin revel\u00f3 su hermosa chacra, repleta de cultivos aut\u00f3ctonos como limonares, naranjales, achiote y mangos.&nbsp;<\/p>\n\n\n\n<p>La c\u00e1lida bienvenida de su familia, que abri\u00f3 las puertas de su hogar con hospitalidad piurana, proporcion\u00f3 el contexto acogedor para d\u00edas llenos de significado.<\/p>\n\n\n\n<p>Durante la visita, se explor\u00f3 la chacra, se presenci\u00f3 el cuidado de una piscigranja y se comparti\u00f3 la experiencia de cultivar y pescar truchas con entusiasmo, en compa\u00f1\u00eda de su hijo Gael, su esposo Nelser Ra\u00fal y su hermano.<\/p>\n\n\n\n<p>Karin ha crecido dentro de una cuna de agricultores, inspirada por el noble trabajo de su n\u00facleo familiar. Pero por desgracia, no para todas las personas, especialmente para las mujeres, la realidad es la misma ya que, seg\u00fan el Censo Nacional Agropecuario \u2013 CENAGRO 2012, en el Per\u00fa solo el 32% de mujeres son productoras agropecuarias y propietarias de tierra.&nbsp;<\/p>\n\n\n\n<p>Esto refleja la desigualdad que existe entre la tenencia de tierra entre hombres y mujeres, adem\u00e1s de la violencia patrimonial, adem\u00e1s el Centro de Emergencia Mujer &#8211; CEM se\u00f1ala que de enero a noviembre del 2023 el 68.7% de las denuncias de violencia patrimonial fueron realizadas por mujeres.<\/p>\n\n\n\n<p>El segundo d\u00eda, bajo el c\u00e1lido sol de la regi\u00f3n, el equipo se prepar\u00f3 para la entrevista, llevada a cabo en un escenario natural, resaltando la conexi\u00f3n de Karin con la tierra que la vio crecer.<\/p>\n\n\n\n<p>Durante la conversaci\u00f3n, emergieron recuerdos de su infancia, donde Karin record\u00f3 con nostalgia el pastoreo de ovejas y el equilibrio entre sus clases por la tarde y labores en la chacra.&nbsp;<\/p>\n\n\n\n<p>Su impulso para comprometerse con la comunidad surgi\u00f3 a ra\u00edz de la influencia positiva de una voluntaria estadounidense que, en el pasado, dedic\u00f3 tiempo y esfuerzo a Tambo Grande, demostrando un inter\u00e9s profundo en la salud y nutrici\u00f3n de los ni\u00f1os locales.<\/p>\n<\/div><\/div>\n\n\n\n<div class=\"wp-block-media-text alignfull has-media-on-the-right is-stacked-on-mobile\"><div class=\"wp-block-media-text__content\">\n<h3 class=\"wp-block-heading\"><strong><strong>Gestora del cambio y defensora de los derechos de las mujeres<\/strong><\/strong><\/h3>\n\n\n\n<p>Un momento significativo fue el relato de Karin sobre el primer caso que acompa\u00f1\u00f3: una joven maltratada que encontr\u00f3 apoyo y orientaci\u00f3n gracias a su intervenci\u00f3n. Este episodio marc\u00f3 el comienzo de su compromiso con el bienestar de las mujeres en situaciones similares.<\/p>\n\n\n\n<p>La intervenci\u00f3n de personas como Karin es muy importante ya que, seg\u00fan la Encuesta Demogr\u00e1fica y de salud familiar-ENDES- 2022, en Per\u00fa el 55,7% de mujeres de 15 a 49 a\u00f1os fueron v\u00edctimas de violencia ejercida alguna vez por el esposo o compa\u00f1ero.&nbsp;<\/p>\n\n\n\n<p>Sumado a ello, la UNICEF Per\u00fa indica que el tipo de violencia que m\u00e1s afecta a las adolescentes, ni\u00f1as y ni\u00f1os es la violencia sexual, ya que 7 de cada 10 casos reportados son de esta \u00edndole y son cometidos por un hombre conocido y cercano a la v\u00edctima.<\/p>\n\n\n\n<p>Karin destaca la importancia de la formaci\u00f3n y empoderamiento a trav\u00e9s de talleres, subrayando que el conocimiento es una herramienta crucial para el progreso individual y comunitario.&nbsp;<\/p>\n\n\n\n<p>Las razones principales por las cuales las mujeres maltratadas no buscaron ayuda en el Per\u00fa, de acuerdo a la ENDES, durante el 2022, es porque no consideraron que era necesario buscar ayuda, por verg\u00fcenza, desconocimiento y por temor, o bien porque no saben d\u00f3nde ir a buscar ayuda.<\/p>\n\n\n\n<p>Por ello, el rol de facilitadora comunitaria es un trabajo virtuoso y de dedicaci\u00f3n inquebrantable de mujeres unidas por la igualdad y el bienestar comunitario, el distrito de Tambo Grande cuenta con un grupo denominado \u201cGestoras del cambio\u201d&nbsp;<\/p>\n\n\n\n<p>Durante la pandemia, adapt\u00e1ndose a la era virtual, Karin y su grupo de facilitadoras se capacitaron en comunicaci\u00f3n digital, recibiendo dispositivos para fortalecer sus habilidades gracias al apoyo de Centro IDEAS y de SUCO como una herramienta, para que estas puedan realizar denuncias y tener acceso a la informaci\u00f3n y aplicaciones de una forma m\u00e1s r\u00e1pida, discreta y segura.<\/p>\n\n\n\n<p>La labor de Karin va m\u00e1s all\u00e1 de las circunstancias actuales; aboga por la conciencia sobre los derechos sexuales y reproductivos, con la esperanza de construir un futuro m\u00e1s equitativo y libre de estereotipos de g\u00e9nero.<\/p>\n\n\n\n<p>Adem\u00e1s, ofrece un consejo valioso: Insta a la comunicaci\u00f3n, la b\u00fasqueda de apoyo y la comprensi\u00f3n de que siempre habr\u00e1 alguien dispuesto a ayudar.<\/p>\n\n\n\n<p>Tambi\u00e9n hace hincapi\u00e9 en la importancia de la unidad y la superaci\u00f3n de la invisibilidad que a menudo rodea a las mujeres dedicadas a la facilitaci\u00f3n comunitaria.<\/p>\n<\/div><figure class=\"wp-block-media-text__media\"><img loading=\"lazy\" decoding=\"async\" width=\"1024\" height=\"683\" src=\"http:\/\/suco.org\/wp-content\/uploads\/2024\/02\/PERU-2023-PODCAST-VOCES-PROTAGONISTAS-DEL-CAMBIO-IDEAS-CR-MARCIAL-VARGAS-DSC07124-1-1024x683.jpg\" alt=\"\" class=\"wp-image-20928 size-full\" srcset=\"https:\/\/suco.org\/wp-content\/uploads\/2024\/02\/PERU-2023-PODCAST-VOCES-PROTAGONISTAS-DEL-CAMBIO-IDEAS-CR-MARCIAL-VARGAS-DSC07124-1-1024x683.jpg 1024w, https:\/\/suco.org\/wp-content\/uploads\/2024\/02\/PERU-2023-PODCAST-VOCES-PROTAGONISTAS-DEL-CAMBIO-IDEAS-CR-MARCIAL-VARGAS-DSC07124-1-300x200.jpg 300w, https:\/\/suco.org\/wp-content\/uploads\/2024\/02\/PERU-2023-PODCAST-VOCES-PROTAGONISTAS-DEL-CAMBIO-IDEAS-CR-MARCIAL-VARGAS-DSC07124-1-768x512.jpg 768w, https:\/\/suco.org\/wp-content\/uploads\/2024\/02\/PERU-2023-PODCAST-VOCES-PROTAGONISTAS-DEL-CAMBIO-IDEAS-CR-MARCIAL-VARGAS-DSC07124-1-1536x1024.jpg 1536w, https:\/\/suco.org\/wp-content\/uploads\/2024\/02\/PERU-2023-PODCAST-VOCES-PROTAGONISTAS-DEL-CAMBIO-IDEAS-CR-MARCIAL-VARGAS-DSC07124-1.jpg 1920w\" sizes=\"auto, (max-width: 1024px) 100vw, 1024px\" \/><\/figure><\/div>\n\n\n\n<div class=\"wp-block-media-text alignfull is-stacked-on-mobile\"><figure class=\"wp-block-media-text__media\"><img loading=\"lazy\" decoding=\"async\" width=\"1024\" height=\"683\" src=\"http:\/\/suco.org\/wp-content\/uploads\/2024\/02\/PERU-2023-PODCAST-VOCES-PROTAGONISTAS-DEL-CAMBIO-IDEAS-CR-MARCIAL-VARGAS-DSC07194-1-1024x683.jpg\" alt=\"\" class=\"wp-image-20930 size-full\" srcset=\"https:\/\/suco.org\/wp-content\/uploads\/2024\/02\/PERU-2023-PODCAST-VOCES-PROTAGONISTAS-DEL-CAMBIO-IDEAS-CR-MARCIAL-VARGAS-DSC07194-1-1024x683.jpg 1024w, https:\/\/suco.org\/wp-content\/uploads\/2024\/02\/PERU-2023-PODCAST-VOCES-PROTAGONISTAS-DEL-CAMBIO-IDEAS-CR-MARCIAL-VARGAS-DSC07194-1-300x200.jpg 300w, https:\/\/suco.org\/wp-content\/uploads\/2024\/02\/PERU-2023-PODCAST-VOCES-PROTAGONISTAS-DEL-CAMBIO-IDEAS-CR-MARCIAL-VARGAS-DSC07194-1-768x512.jpg 768w, https:\/\/suco.org\/wp-content\/uploads\/2024\/02\/PERU-2023-PODCAST-VOCES-PROTAGONISTAS-DEL-CAMBIO-IDEAS-CR-MARCIAL-VARGAS-DSC07194-1-1536x1024.jpg 1536w, https:\/\/suco.org\/wp-content\/uploads\/2024\/02\/PERU-2023-PODCAST-VOCES-PROTAGONISTAS-DEL-CAMBIO-IDEAS-CR-MARCIAL-VARGAS-DSC07194-1.jpg 1920w\" sizes=\"auto, (max-width: 1024px) 100vw, 1024px\" \/><\/figure><div class=\"wp-block-media-text__content\">\n<h3 class=\"wp-block-heading\"><strong>La crianza amorosa<\/strong><\/h3>\n\n\n\n<p>La ONU se\u00f1ala que la violencia contra las mujeres afecta el desarrollo de la sociedad, porque es un obst\u00e1culo para que las ni\u00f1as, adolescentes, j\u00f3venes y mujeres adultas desarrollen sus habilidades, capacidades, lo que les impide participar y dar un mayor aporte en la econom\u00eda, la educaci\u00f3n, la salud, la cultura, y la pol\u00edtica.<\/p>\n\n\n\n<p>Por ello es de suma importancia cuando Karin, destaca la importancia de una crianza amorosa, donde cada palabra, gesto y momento contribuyen al desarrollo emocional de ni\u00f1os, ni\u00f1as y j\u00f3venes.<\/p>\n\n\n\n<p>Karin hace hincapi\u00e9 en romper con los estereotipos de g\u00e9nero y fortalecer la confianza y sororidad entre las mujeres, como gestoras del cambio en la sociedad.<\/p>\n\n\n\n<p>A trav\u00e9s de la labor del&nbsp; grupo de gestoras de cambio se busca sensibilizar, fortalecer y destacar&nbsp; el&nbsp; rol de la paternidad y maternidad como ejercicio de derecho, ya que en Per\u00fa, en la actualidad, seg\u00fan los datos reportados en el informe \u201cSon Ni\u00f1as no Madres\u201d m\u00e1s de 50,000 ni\u00f1as adolescentes de entre 10- 19 a\u00f1os son madres, en su mayor\u00eda producto de violaciones sexuales.&nbsp;<\/p>\n\n\n\n<p>Por ello, es importante asegurar la decisi\u00f3n de las mujeres a elegir ser madres sin violentar su integridad.<\/p>\n\n\n\n<p>Adem\u00e1s, esta situaci\u00f3n evidencia las desigualdades generacionales, socioecon\u00f3micas y territoriales que est\u00e1n arraigadas en la desigualdad de g\u00e9nero.<\/p>\n<\/div><\/div>\n\n\n\n<div class=\"wp-block-media-text alignfull has-media-on-the-right is-stacked-on-mobile\"><div class=\"wp-block-media-text__content\">\n<h3 class=\"wp-block-heading\">El aborto terap\u00e9utico<\/h3>\n\n\n\n<p>En medio de la controversia y diversidad de posturas y opiniones que genera el aborto terap\u00e9utico, Kar\u00edn junto a sus compa\u00f1eras facilitadoras; se convierten en voces valientes que abogan por el bienestar de las mujeres de su comunidad.<\/p>\n\n\n\n<p>El aborto terap\u00e9utico es un procedimiento m\u00e9dico-legal en el Per\u00fa desde 1924 y se aplica cuando la vida o la salud de la embarazada se encuentra en riesgo, este cuenta con un protocolo de implementaci\u00f3n vigente desde el 29 de junio de 2014.&nbsp;<\/p>\n\n\n\n<p>Si bien existen herramientas legales e intentos por responder a la problem\u00e1tica de los embarazos infantiles en el Per\u00fa, a\u00fan existen varias limitaciones para que las ni\u00f1as y adolescentes accedan a este derecho. Seg\u00fan la defensor\u00eda del Pueblo, cada 85 minutos se registra una violaci\u00f3n sexual a una menor. Sumado a ello, el Fondo de Poblaci\u00f3n de las Naciones Unidas en el Per\u00fa -UNFPA-, indica que cada d\u00eda ocurren 4 partos en ni\u00f1as de entre 10 a 14 a\u00f1os.&nbsp; Todos estos casos fueron productos de violaciones.<\/p>\n\n\n\n<p>Por ello es necesario implementar y respetar el protocolo del aborto terap\u00e9utico para salvar la vida, no solo de mujeres que padecen enfermedades que se agravan con el embarazo, si no, para brindar ayuda a mujeres, ni\u00f1as y adolescentes gestantes cuya integridad f\u00edsica y emocional se encuentra en riesgo al haber sido violentadas sexualmente.<\/p>\n\n\n\n<p>La historia de Karin no solo inspira, sino que tambi\u00e9n ense\u00f1a lecciones de valent\u00eda, autenticidad y empat\u00eda. Resalta la necesidad de valorarse como individuos para luego poder contribuir positivamente al bienestar de los dem\u00e1s.<\/p>\n\n\n\n<p>Es fundamental reconocer las instancias gubernamentales y las leyes que protegen a las personas, brindando apoyo gratuito en momentos de necesidad.<\/p>\n\n\n\n<p>Adem\u00e1s, insta a convertirse en voces replicadoras y protagonistas del cambio, especialmente para educar a las generaciones futuras y promover transformaciones significativas en sus vidas y sus comunidades.<\/p>\n<\/div><figure class=\"wp-block-media-text__media\"><img loading=\"lazy\" decoding=\"async\" width=\"1024\" height=\"695\" src=\"http:\/\/suco.org\/wp-content\/uploads\/2024\/02\/PERU-2023-PODCAST-VOCES-PROTAGONISTAS-DEL-CAMBIO-IDEAS-CR-MARCIAL-VARGAS-DSC07337-1-1024x695.jpg\" alt=\"\" class=\"wp-image-20932 size-full\" srcset=\"https:\/\/suco.org\/wp-content\/uploads\/2024\/02\/PERU-2023-PODCAST-VOCES-PROTAGONISTAS-DEL-CAMBIO-IDEAS-CR-MARCIAL-VARGAS-DSC07337-1-1024x695.jpg 1024w, https:\/\/suco.org\/wp-content\/uploads\/2024\/02\/PERU-2023-PODCAST-VOCES-PROTAGONISTAS-DEL-CAMBIO-IDEAS-CR-MARCIAL-VARGAS-DSC07337-1-300x204.jpg 300w, https:\/\/suco.org\/wp-content\/uploads\/2024\/02\/PERU-2023-PODCAST-VOCES-PROTAGONISTAS-DEL-CAMBIO-IDEAS-CR-MARCIAL-VARGAS-DSC07337-1-768x522.jpg 768w, https:\/\/suco.org\/wp-content\/uploads\/2024\/02\/PERU-2023-PODCAST-VOCES-PROTAGONISTAS-DEL-CAMBIO-IDEAS-CR-MARCIAL-VARGAS-DSC07337-1-1536x1043.jpg 1536w, https:\/\/suco.org\/wp-content\/uploads\/2024\/02\/PERU-2023-PODCAST-VOCES-PROTAGONISTAS-DEL-CAMBIO-IDEAS-CR-MARCIAL-VARGAS-DSC07337-1.jpg 1920w\" sizes=\"auto, (max-width: 1024px) 100vw, 1024px\" \/><\/figure><\/div>\n\n\n\n<div class=\"wp-block-columns is-layout-flex wp-container-core-columns-is-layout-9d6595d7 wp-block-columns-is-layout-flex\">\n<div class=\"wp-block-column is-layout-flow wp-block-column-is-layout-flow\"><\/div>\n\n\n\n<div class=\"wp-block-column is-layout-flow wp-block-column-is-layout-flow\">\n<figure class=\"wp-block-image size-full\"><img loading=\"lazy\" decoding=\"async\" width=\"350\" height=\"123\" src=\"http:\/\/suco.org\/wp-content\/uploads\/2021\/08\/petit_partners-partenaires-colors-fr.png\" alt=\"AMC\" class=\"wp-image-17451\" srcset=\"https:\/\/suco.org\/wp-content\/uploads\/2021\/08\/petit_partners-partenaires-colors-fr.png 350w, https:\/\/suco.org\/wp-content\/uploads\/2021\/08\/petit_partners-partenaires-colors-fr-300x105.png 300w\" sizes=\"auto, (max-width: 350px) 100vw, 350px\" \/><\/figure>\n\n\n\n<p class=\"has-text-align-center\">Este proyecto ha sido posible gracias al apoyo financiero de Global Affairs Canada<\/p>\n<\/div>\n\n\n\n<div class=\"wp-block-column is-layout-flow wp-block-column-is-layout-flow\"><\/div>\n<\/div>\n\n\n\n<p><\/p>\n","protected":false},"excerpt":{"rendered":"<p>Texto: Hayde\u00e9 Maroqu\u00edn, cooperante transversal de comunicaci\u00f3n. Fotos: Marcial Vargas. <\/p>\n","protected":false},"author":5,"featured_media":20919,"comment_status":"closed","ping_status":"open","sticky":false,"template":"","format":"standard","meta":{"_acf_changed":false,"_relevanssi_hide_post":"","_relevanssi_hide_content":"","_relevanssi_pin_for_all":"","_relevanssi_pin_keywords":"","_relevanssi_unpin_keywords":"","_relevanssi_related_keywords":"","_relevanssi_related_include_ids":"","_relevanssi_related_exclude_ids":"","_relevanssi_related_no_append":"","_relevanssi_related_not_related":"","_relevanssi_related_posts":"18036,18009,18029,18032","_relevanssi_noindex_reason":"","footnotes":""},"categories":[282,287,291,300,299],"tags":[315,332,338],"article-type":[],"class_list":["post-20935","post","type-post","status-publish","format-standard","has-post-thumbnail","hentry","category-agricultura-sostenible","category-educacion","category-mujeres","category-sistemas-alimentarios-sostenibles","category-solidaridad-internacional","tag-derechos-y-participacion-de-las-mujeres","tag-peru","tag-solidaridad-internacional"],"acf":[],"_links":{"self":[{"href":"https:\/\/suco.org\/es\/wp-json\/wp\/v2\/posts\/20935","targetHints":{"allow":["GET"]}}],"collection":[{"href":"https:\/\/suco.org\/es\/wp-json\/wp\/v2\/posts"}],"about":[{"href":"https:\/\/suco.org\/es\/wp-json\/wp\/v2\/types\/post"}],"author":[{"embeddable":true,"href":"https:\/\/suco.org\/es\/wp-json\/wp\/v2\/users\/5"}],"replies":[{"embeddable":true,"href":"https:\/\/suco.org\/es\/wp-json\/wp\/v2\/comments?post=20935"}],"version-history":[{"count":8,"href":"https:\/\/suco.org\/es\/wp-json\/wp\/v2\/posts\/20935\/revisions"}],"predecessor-version":[{"id":21210,"href":"https:\/\/suco.org\/es\/wp-json\/wp\/v2\/posts\/20935\/revisions\/21210"}],"wp:featuredmedia":[{"embeddable":true,"href":"https:\/\/suco.org\/es\/wp-json\/wp\/v2\/media\/20919"}],"wp:attachment":[{"href":"https:\/\/suco.org\/es\/wp-json\/wp\/v2\/media?parent=20935"}],"wp:term":[{"taxonomy":"category","embeddable":true,"href":"https:\/\/suco.org\/es\/wp-json\/wp\/v2\/categories?post=20935"},{"taxonomy":"post_tag","embeddable":true,"href":"https:\/\/suco.org\/es\/wp-json\/wp\/v2\/tags?post=20935"},{"taxonomy":"article-type","embeddable":true,"href":"https:\/\/suco.org\/es\/wp-json\/wp\/v2\/article-type?post=20935"}],"curies":[{"name":"wp","href":"https:\/\/api.w.org\/{rel}","templated":true}]}}