{"id":23629,"date":"2026-04-17T13:31:19","date_gmt":"2026-04-17T18:31:19","guid":{"rendered":"https:\/\/suco.org\/?p=23629"},"modified":"2026-04-22T15:20:17","modified_gmt":"2026-04-22T20:20:17","slug":"semillas-que-conectan-y-propician-el-cambio-en-latinoamerica","status":"publish","type":"post","link":"https:\/\/suco.org\/es\/semillas-que-conectan-y-propician-el-cambio-en-latinoamerica\/","title":{"rendered":"Semillas que conectan y propician el cambio en Latinoam\u00e9rica"},"content":{"rendered":"\n<p><strong>Por: Hayde\u00e9 Marroqu\u00edn, cooperante SUCO de comunicaci\u00f3n Am\u00e9rica Latina<\/strong><\/p>\n\n\n\n<p>Una semilla, por m\u00e1s peque\u00f1a que sea, encierra la informaci\u00f3n gen\u00e9tica y biodiversidad esencial para toda la humanidad. A lo largo de millones de a\u00f1os, las poblaciones nativas han viajado incansablemente, buscando e intercambiando informaci\u00f3n a lo largo del continente. Civilizaciones como los mayas, incas, aztecas, apaches e Inuits realizaron viajes comerciales e intercambiaron conocimientos y pr\u00e1cticas agr\u00edcolas para asegurar su supervivencia. As\u00ed, una semilla puede cambiar el destino de nuestro planeta.<\/p>\n\n\n\n<h2 class=\"wp-block-heading\">Un Viaje de Intercambio y Conocimiento<\/h2>\n\n\n\n<div class=\"wp-block-media-text is-stacked-on-mobile\"><figure class=\"wp-block-media-text__media\"><img loading=\"lazy\" decoding=\"async\" width=\"1024\" height=\"769\" src=\"https:\/\/suco.org\/wp-content\/uploads\/2026\/04\/GTPERUNI2026-PCVFILINTERCAMBIOREGIONALSEMILLAS-CR-HAYDEE-MARROQUINPERU2026-PCVFILINTERCAMBIOREGIONALSEMILLAS-CR-HAYDEE-MARROQUINPXL_20260305_190628098-3-60-1024x769.jpg\" alt=\"\" class=\"wp-image-23630 size-full\" srcset=\"https:\/\/suco.org\/wp-content\/uploads\/2026\/04\/GTPERUNI2026-PCVFILINTERCAMBIOREGIONALSEMILLAS-CR-HAYDEE-MARROQUINPERU2026-PCVFILINTERCAMBIOREGIONALSEMILLAS-CR-HAYDEE-MARROQUINPXL_20260305_190628098-3-60-1024x769.jpg 1024w, https:\/\/suco.org\/wp-content\/uploads\/2026\/04\/GTPERUNI2026-PCVFILINTERCAMBIOREGIONALSEMILLAS-CR-HAYDEE-MARROQUINPERU2026-PCVFILINTERCAMBIOREGIONALSEMILLAS-CR-HAYDEE-MARROQUINPXL_20260305_190628098-3-60-300x225.jpg 300w, https:\/\/suco.org\/wp-content\/uploads\/2026\/04\/GTPERUNI2026-PCVFILINTERCAMBIOREGIONALSEMILLAS-CR-HAYDEE-MARROQUINPERU2026-PCVFILINTERCAMBIOREGIONALSEMILLAS-CR-HAYDEE-MARROQUINPXL_20260305_190628098-3-60-768x577.jpg 768w, https:\/\/suco.org\/wp-content\/uploads\/2026\/04\/GTPERUNI2026-PCVFILINTERCAMBIOREGIONALSEMILLAS-CR-HAYDEE-MARROQUINPERU2026-PCVFILINTERCAMBIOREGIONALSEMILLAS-CR-HAYDEE-MARROQUINPXL_20260305_190628098-3-60-1536x1154.jpg 1536w, https:\/\/suco.org\/wp-content\/uploads\/2026\/04\/GTPERUNI2026-PCVFILINTERCAMBIOREGIONALSEMILLAS-CR-HAYDEE-MARROQUINPERU2026-PCVFILINTERCAMBIOREGIONALSEMILLAS-CR-HAYDEE-MARROQUINPXL_20260305_190628098-3-60.jpg 1920w\" sizes=\"auto, (max-width: 1024px) 100vw, 1024px\" \/><\/figure><div class=\"wp-block-media-text__content\">\n<p>Siguiendo el legado de nuestros ancestros, desde el 2 hasta el 7 de marzo de 2026, representantes de nuestras contrapartes locales de SUCO en Per\u00fa, Nicaragua y Honduras (FOVIDA, FENMUCARINAP, FIPAH, GPAE y Asociaci\u00f3n Tierra y Vida) viajaron a Guatemala. Este enriquecedor intercambio de experiencias y semillas busc\u00f3 el conocimiento y el intercambio ancestral.<\/p>\n\n\n\n<p>El equipo de SUCO Guatemala tuvo el honor de ser el anfitri\u00f3n del Intercambio de Semillas.<\/p>\n\n\n\n<p>Durante nuestra visita, exploramos los proyectos e instalaciones de los bancos de semillas de la Asociaci\u00f3n OXLAJUJ E, donde conocimos el proceso de producci\u00f3n de la semilla ancestral del amaranto, desde su cultivo hasta su procesamiento para la comercializaci\u00f3n.<\/p>\n\n\n\n<p>En TPS, los participantes descubrieron un biohuerto que opera sin agroqu\u00edmicos, as\u00ed como un secador de semillas criollas y el uso de letrinas naturales para el manejo de desechos. Esa misma tarde, participaron en una feria de agrodiversidad en el municipio de Concepci\u00f3n, Solol\u00e1, donde, gracias a los socios y socias de REDSAG, se intercambiaron productos naturales y se aprendi\u00f3 m\u00e1s sobre las semillas nativas y criollas.<\/p>\n<\/div><\/div>\n\n\n\n<h2 class=\"wp-block-heading\">Conexi\u00f3n con las Ra\u00edces Ancestrales<\/h2>\n\n\n\n<p>En IMAP, los participantes navegaron por el majestuoso lago Atitl\u00e1n, ubicado en San Lucas Tolim\u00e1n, en la cuenca sur del lago. All\u00ed los y las participantes, pudieron descubrir su nahual maya (esp\u00edritu protector seg\u00fan la cosmovisi\u00f3n maya) y conocer el cultivo ancestral en espiral, una pr\u00e1ctica central de la permacultura.<\/p>\n\n\n\n<p>Durante esta enriquecedora visita, los y las participantes fortalecieron sus conocimientos en agroecolog\u00eda y permacultura, compartiendo valiosas experiencias y pr\u00e1cticas interculturales. Adem\u00e1s se destaca el papel fundamental de la mujer como guardiana del conocimiento y protectora de las semillas a trav\u00e9s de los siglos.<\/p>\n\n\n\n<p>En la actualidad, estos intercambios de experiencias fortalecen conocimientos, reconectan culturas ancestrales, rescatan pr\u00e1cticas y crean lazos de hermandad entre las distintas culturas de Am\u00e9rica Latina. As\u00ed, recordamos que el continente americano es uno solo, con todos sus matices y diversidad.<\/p>\n\n\n<section class=\"media-carousel-block theme-block alignfull\">\n  <div class=\"media-carousel__wrapper\">\n    <div class=\"media-carousel__row swiper-container\">\n      <div class=\"swiper-wrapper\">\n        \n                                            <div class=\"media-carousel__item media-carousel__image swiper-slide\">\n                                  <img decoding=\"async\" src=\"https:\/\/suco.org\/wp-content\/uploads\/2026\/04\/GTPERUNI2026-PCVFILINTERCAMBIOREGIONALSEMILLAS-CR-HAYDEE-MARROQUINPERU2026-PCVFILINTERCAMBIOREGIONALSEMILLAS-CR-HAYDEE-MARROQUIN-81.jpg\"class=\"media-carousel__image\">\n                              <\/div>\n\n            \n                                    <div class=\"media-carousel__item media-carousel__image swiper-slide\">\n                                  <img decoding=\"async\" src=\"https:\/\/suco.org\/wp-content\/uploads\/2026\/04\/GTPERUNI2026-PCVFILINTERCAMBIOREGIONALSEMILLAS-CR-HAYDEE-MARROQUINPERU2026-PCVFILINTERCAMBIOREGIONALSEMILLAS-CR-HAYDEE-MARROQUINPXL_20260305_190628098-3-66.jpg\"class=\"media-carousel__image\">\n                              <\/div>\n\n            \n                                    <div class=\"media-carousel__item media-carousel__image swiper-slide\">\n                                  <img decoding=\"async\" src=\"https:\/\/suco.org\/wp-content\/uploads\/2026\/04\/GTPERUNI2026-PCVFILINTERCAMBIOREGIONALSEMILLAS-CR-HAYDEE-MARROQUINPERU2026-PCVFILINTERCPERU2026-PCVFILINTERCAMBIOREGIONALSEMILLAS-CR-HAYDEE-MARROQUIN-25-273.jpg\"class=\"media-carousel__image\">\n                              <\/div>\n\n            \n                                    <div class=\"media-carousel__item media-carousel__image swiper-slide\">\n                                  <img decoding=\"async\" src=\"https:\/\/suco.org\/wp-content\/uploads\/2026\/04\/GTPERUNI2026-PCVFILINTERCAMBIOREGIONALSEMILLAS-CR-HAYDEE-MARROQUINPERU2026-PCVFILINTERCPERU2026-PCVFILINTERCAMBIOREGIONALSEMILLAS-CR-HAYDEE-MARROQUIN-25-283.jpg\"class=\"media-carousel__image\">\n                              <\/div>\n\n            \n                                    <div class=\"media-carousel__item media-carousel__image swiper-slide\">\n                                  <img decoding=\"async\" src=\"https:\/\/suco.org\/wp-content\/uploads\/2026\/04\/GTPERUNI2026-PCVFILINTERCAMBIOREGIONALSEMILLAS-CR-HAYDEE-MARROQUINPERU2026-PCVFILINTERCPERU2026-PCVFILINTERCAMBIOREGIONALSEMILLAS-CR-HAYDEE-MARROQUIN-25-311.jpg\"class=\"media-carousel__image\">\n                              <\/div>\n\n            \n                                    <div class=\"media-carousel__item media-carousel__image swiper-slide\">\n                                  <img decoding=\"async\" src=\"https:\/\/suco.org\/wp-content\/uploads\/2026\/04\/GTPERUNI2026-PCVFILINTERCAMBIOREGIONALSEMILLAS-CR-HAYDEE-MARROQUINPERU2026-PCVFIPERU2026-PCVFILINTERCAMBIOREGIONALSEMILLAS-CR-HAYDEE-MARROQUINDSC05386-1-17.jpg\"class=\"media-carousel__image\">\n                              <\/div>\n\n            \n                                    <div class=\"media-carousel__item media-carousel__image swiper-slide\">\n                                  <img decoding=\"async\" src=\"https:\/\/suco.org\/wp-content\/uploads\/2026\/04\/GTPERUNI2026-PCVFILINTERCAMBIOREGIONALSEMILLAS-CR-HAYDEE-MARROQUINPERU2026-PCVFIPERU2026-PCVFILINTERCAMBIOREGIONALSEMILLAS-CR-HAYDEE-MARROQUINDSC05386-1-32.jpg\"class=\"media-carousel__image\">\n                              <\/div>\n\n            \n                                    <div class=\"media-carousel__item media-carousel__image swiper-slide\">\n                                  <img decoding=\"async\" src=\"https:\/\/suco.org\/wp-content\/uploads\/2026\/04\/GT5E031.jpg\"class=\"media-carousel__image\">\n                              <\/div>\n\n            \n                                    <div class=\"media-carousel__item media-carousel__image swiper-slide\">\n                                  <img decoding=\"async\" src=\"https:\/\/suco.org\/wp-content\/uploads\/2026\/04\/GTPERUNI2026-PCVFILINTERCAMBIOREGIONALSEMILLAS-CR-HAYDEE-MARROQUINPERU2026-PCVFILINTERCAMBIOREGIONALSEMILLAS-CR-HAYDEE-MARROQUIN-56.jpg\"class=\"media-carousel__image\">\n                              <\/div>\n\n            \n                                    <div class=\"media-carousel__item media-carousel__image swiper-slide\">\n                                  <img decoding=\"async\" src=\"https:\/\/suco.org\/wp-content\/uploads\/2026\/04\/GTPERUNI2026-PCVFILINTERCAMBIOREGIONALSEMILLAS-CR-HAYDEE-MARROQUINPERU2026-PCVFILINTERCAMBIOREGIONALSEMILLAS-CR-HAYDEE-MARROQUIN-104.jpg\"class=\"media-carousel__image\">\n                              <\/div>\n\n            \n                                    <div class=\"media-carousel__item media-carousel__image swiper-slide\">\n                                  <img decoding=\"async\" src=\"https:\/\/suco.org\/wp-content\/uploads\/2026\/04\/GTPERUNI2026-PCVFILINTERCAMBIOREGIONALSEMILLAS-CR-HAYDEE-MARROQUINPERU2026-PCVFILINTERCAMBIOREGIONALSEMILLAS-CR-HAYDEE-MARROQUIN-105.jpg\"class=\"media-carousel__image\">\n                              <\/div>\n\n            \n                                    <div class=\"media-carousel__item media-carousel__image swiper-slide\">\n                                  <img decoding=\"async\" src=\"https:\/\/suco.org\/wp-content\/uploads\/2026\/04\/GTPERUNI2026-PCVFILINTERCAMBIOREGIONALSEMILLAS-CR-HAYDEE-MARROQUINPERU2026-PCVFILINTERCPERU2026-PCVFILINTERCAMBIOREGIONALSEMILLAS-CR-HAYDEE-MARROQUIN-25-295.jpg\"class=\"media-carousel__image\">\n                              <\/div>\n\n            \n                                    <div class=\"media-carousel__item media-carousel__image swiper-slide\">\n                                  <img decoding=\"async\" src=\"https:\/\/suco.org\/wp-content\/uploads\/2026\/04\/GTPERUNI2026-PCVFILINTERCAMBIOREGIONALSEMILLAS-CR-HAYDEE-MARROQUINPERU2026-PCVFIPERU2026-PCVFILINTERCAMBIOREGIONALSEMILLAS-CR-HAYDEE-MARROQUINDSC05515-24.jpg\"class=\"media-carousel__image\">\n                              <\/div>\n\n            \n                                    <div class=\"media-carousel__item media-carousel__image swiper-slide\">\n                                  <img decoding=\"async\" src=\"https:\/\/suco.org\/wp-content\/uploads\/2026\/04\/GTPERUNI2026-PCVFILINTERCAMBIOREGIONALSEMILLAS-CR-HAYDEE-MARROQUINPERU2026-PCVFIPERU2026-PCVFILINTERCAMBIOREGIONALSEMILLAS-CR-HAYDPXL_20260305_141845056.jpg\"class=\"media-carousel__image\">\n                              <\/div>\n\n            \n                  \n      <\/div>\n      <!-- Navigation & Pagination-->\n      <div class=\"media-carousel__pag-nav\">\n        <div class=\"swiper-button-prev nav-btn nav-btn-prev\"><\/div>\n        \n        <div class=\"media-carousel-pagination\">\n          <div class=\"swiper-pagination\"><\/div>\n        <\/div>  \n        \n        <div class=\"swiper-button-next nav-btn nav-btn-next\"><\/div>\n      <\/div>\n    <\/div><!-- END media_carousel__row -->\n  <\/div>\n<\/section>\n\n\n\n<div class=\"wp-block-columns is-layout-flex wp-container-core-columns-is-layout-9d6595d7 wp-block-columns-is-layout-flex\">\n<div class=\"wp-block-column is-layout-flow wp-block-column-is-layout-flow\"><\/div>\n\n\n\n<div class=\"wp-block-column is-layout-flow wp-block-column-is-layout-flow\">\n<figure class=\"wp-block-image size-full\"><img loading=\"lazy\" decoding=\"async\" width=\"350\" height=\"123\" src=\"http:\/\/suco.org\/wp-content\/uploads\/2021\/08\/petit_partners-partenaires-colors-fr.png\" alt=\"AMC\" class=\"wp-image-17451\" srcset=\"https:\/\/suco.org\/wp-content\/uploads\/2021\/08\/petit_partners-partenaires-colors-fr.png 350w, https:\/\/suco.org\/wp-content\/uploads\/2021\/08\/petit_partners-partenaires-colors-fr-300x105.png 300w\" sizes=\"auto, (max-width: 350px) 100vw, 350px\" \/><\/figure>\n\n\n\n<p><\/p>\n\n\n\n<p class=\"has-text-align-center\">Este proyecto ha sido posible gracias al apoyo financiero de Global Affairs Canada<\/p>\n<\/div>\n\n\n\n<div class=\"wp-block-column is-layout-flow wp-block-column-is-layout-flow\"><\/div>\n<\/div>\n","protected":false},"excerpt":{"rendered":"<p>Por: Hayde\u00e9 Marroqu\u00edn, cooperante SUCO de comunicaci\u00f3n Am\u00e9rica Latina Una semilla, por m\u00e1s peque\u00f1a que sea, encierra la informaci\u00f3n gen\u00e9tica y biodiversidad esencial para toda la humanidad. A lo largo de millones de a\u00f1os, las poblaciones nativas han viajado incansablemente, buscando e intercambiando informaci\u00f3n a lo largo del continente. Civilizaciones como los mayas, incas, aztecas, &hellip; <a href=\"https:\/\/suco.org\/es\/semillas-que-conectan-y-propician-el-cambio-en-latinoamerica\/\">Continued<\/a><\/p>\n","protected":false},"author":5,"featured_media":23634,"comment_status":"closed","ping_status":"closed","sticky":false,"template":"","format":"standard","meta":{"_acf_changed":false,"_relevanssi_hide_post":"","_relevanssi_hide_content":"","_relevanssi_pin_for_all":"","_relevanssi_pin_keywords":"","_relevanssi_unpin_keywords":"","_relevanssi_related_keywords":"","_relevanssi_related_include_ids":"","_relevanssi_related_exclude_ids":"","_relevanssi_related_no_append":"","_relevanssi_related_not_related":"","_relevanssi_related_posts":"21388,19613,21647,19824,20935,20524","_relevanssi_noindex_reason":"","footnotes":""},"categories":[268],"tags":[],"article-type":[],"class_list":["post-23629","post","type-post","status-publish","format-standard","has-post-thumbnail","hentry","category-alimentacion"],"acf":[],"_links":{"self":[{"href":"https:\/\/suco.org\/es\/wp-json\/wp\/v2\/posts\/23629","targetHints":{"allow":["GET"]}}],"collection":[{"href":"https:\/\/suco.org\/es\/wp-json\/wp\/v2\/posts"}],"about":[{"href":"https:\/\/suco.org\/es\/wp-json\/wp\/v2\/types\/post"}],"author":[{"embeddable":true,"href":"https:\/\/suco.org\/es\/wp-json\/wp\/v2\/users\/5"}],"replies":[{"embeddable":true,"href":"https:\/\/suco.org\/es\/wp-json\/wp\/v2\/comments?post=23629"}],"version-history":[{"count":3,"href":"https:\/\/suco.org\/es\/wp-json\/wp\/v2\/posts\/23629\/revisions"}],"predecessor-version":[{"id":23716,"href":"https:\/\/suco.org\/es\/wp-json\/wp\/v2\/posts\/23629\/revisions\/23716"}],"wp:featuredmedia":[{"embeddable":true,"href":"https:\/\/suco.org\/es\/wp-json\/wp\/v2\/media\/23634"}],"wp:attachment":[{"href":"https:\/\/suco.org\/es\/wp-json\/wp\/v2\/media?parent=23629"}],"wp:term":[{"taxonomy":"category","embeddable":true,"href":"https:\/\/suco.org\/es\/wp-json\/wp\/v2\/categories?post=23629"},{"taxonomy":"post_tag","embeddable":true,"href":"https:\/\/suco.org\/es\/wp-json\/wp\/v2\/tags?post=23629"},{"taxonomy":"article-type","embeddable":true,"href":"https:\/\/suco.org\/es\/wp-json\/wp\/v2\/article-type?post=23629"}],"curies":[{"name":"wp","href":"https:\/\/api.w.org\/{rel}","templated":true}]}}